{"id":206,"date":"2022-11-07T13:41:23","date_gmt":"2022-11-07T13:41:23","guid":{"rendered":"https:\/\/sancepro.cz\/?p=206"},"modified":"2023-10-30T20:02:13","modified_gmt":"2023-10-30T20:02:13","slug":"yellow-ribbon-run-2022","status":"publish","type":"post","link":"https:\/\/sancepro.cz\/index.php\/2022\/11\/07\/yellow-ribbon-run-2022\/","title":{"rendered":"Yellow Ribbon Run 2022"},"content":{"rendered":"\n<figure class=\"wp-block-image\"><img decoding=\"async\" src=\"https:\/\/sancepro.cz\/wp-content\/uploads\/2022\/11\/DSCN9730.jpeg\" alt=\"\" class=\"wp-image-337\"\/><figcaption>7. ro\u010dn\u00edk b\u011b\u017eeck\u00e9ho z\u00e1vodu Yellow Ribbon Run 2022<\/figcaption><\/figure>\n\n\n\n<p>Letos, ji\u017e posedm\u00e9, jsme se spole\u010dn\u011b postavili na start osv\u011btov\u00e9ho b\u011b\u017eeck\u00e9ho z\u00e1vodu Yellow Ribbon Run!<\/p>\n\n\n\n<p>Z\u00e1vod se konal 21. \u010dervna v Aktivn\u00edm lesoparku \u0158epy a letos byl t\u00e9maticky v\u011bnov\u00e1n d\u011btem v\u011bzn\u011bn\u00fdch rodi\u010d\u016f. Sou\u010d\u00e1st\u00ed programu tak byl i z\u00e1vod d\u011bt\u00ed, jeho\u017e patronkou byla moder\u00e1torka \u010cesk\u00e9 televize, Barbora \u010cerno\u0161kov\u00e1.<\/p>\n\n\n\n<p>Do z\u00e1vodu bylo p\u0159ihl\u00e1\u0161eno p\u0159es 800 b\u011b\u017ec\u016f a mezi nimi jsme nechyb\u011bli ani my! Z tohoto kr\u00e1sn\u00e9ho po\u010dtu tvo\u0159\u00ed velkou \u010d\u00e1st tak\u00e9 283 odsouzen\u00fdch v\u011bz\u0148\u016f z n\u011bkolika \u010desk\u00fdch v\u011bznic, kte\u0159\u00ed si jej zab\u011bhli virtu\u00e1ln\u011b. <\/p>\n\n\n\n<blockquote class=\"wp-block-quote is-layout-flow wp-block-quote-is-layout-flow\"><p><em>&#8222;C\u00edlem projektu Yellow Ribbon je d\u00e1t lidem s&nbsp;trestn\u00ed minulost\u00ed a jejich rodin\u00e1m druhou \u0161anci na slu\u0161n\u00fd \u017eivot, p\u0159isp\u011bt tak k&nbsp;prevenci kriminality, sn\u00ed\u017een\u00ed recidivy a v\u011bt\u0161\u00ed bezpe\u010dnosti ve spole\u010dnosti.&#8220;<\/em> <br><\/p><cite>zdroj: https:\/\/yellowribbon.cz<\/cite><\/blockquote>\n\n\n\n<p>V\u00edce informac\u00ed o z\u00e1vodu naleznete na ofici\u00e1ln\u00edm webu projektu <a href=\"https:\/\/yellowribbon.cz\">https:\/\/yellowribbon.cz<\/a> .<br><\/p>\n\n\n\n<figure class=\"wp-block-image\"><img decoding=\"async\" src=\"https:\/\/sancepro.cz\/wp-content\/uploads\/2022\/06\/IMG-20220622-WA0002.jpg\" alt=\"\" class=\"wp-image-338\"\/><figcaption>Josef Hrub\u00fd, terapeut a vychovatel ve v\u011bznici Vina\u0159ice<\/figcaption><\/figure>\n\n\n\n<figure class=\"wp-block-image\"><img decoding=\"async\" src=\"https:\/\/sancepro.cz\/wp-content\/uploads\/2022\/06\/DSCN9622-U.jpg\" alt=\"\" class=\"wp-image-339\"\/><figcaption>T\u00fdm na\u0161ich z\u00e1vodn\u00edk\u016f &#8211; mal\u00fdch i velk\u00fdch<\/figcaption><\/figure>\n\n\n\n<figure class=\"wp-block-image\"><img decoding=\"async\" src=\"https:\/\/sancepro.cz\/wp-content\/uploads\/2022\/06\/DSCN9677.jpg\" alt=\"\" class=\"wp-image-340\"\/><figcaption>Na\u0161i b\u011b\u017eci spolu s realiz\u00e1torem z\u00e1vodu Tom\u00e1\u0161em Slavatou<\/figcaption><\/figure>\n\n\n\n<figure class=\"wp-block-image\"><img decoding=\"async\" src=\"https:\/\/sancepro.cz\/wp-content\/uploads\/2022\/06\/DSCN9503.jpg\" alt=\"\" class=\"wp-image-341\"\/><figcaption>Na\u0161i b\u011b\u017eci s \u0159editelkou v\u011bznice Ku\u0159im, pan\u00ed Gabrielou Slov\u00e1kovou<\/figcaption><\/figure>\n\n\n\n<figure class=\"wp-block-image\"><img decoding=\"async\" src=\"https:\/\/sancepro.cz\/wp-content\/uploads\/2022\/06\/DSCN9507.jpg\" alt=\"\" class=\"wp-image-342\"\/><figcaption>Spole\u010dn\u011b pro spole\u010dnost bez p\u0159edsudk\u016f<\/figcaption><\/figure>\n","protected":false},"excerpt":{"rendered":"<p>Letos, ji\u017e posedm\u00e9, jsme se spole\u010dn\u011b postavili na start osv\u011btov\u00e9ho b\u011b\u017eeck\u00e9ho z\u00e1vodu Yellow Ribbon Run! Z\u00e1vod se konal 21. \u010dervna v Aktivn\u00edm lesoparku \u0158epy a letos byl t\u00e9maticky v\u011bnov\u00e1n d\u011btem v\u011bzn\u011bn\u00fdch rodi\u010d\u016f. Sou\u010d\u00e1st\u00ed programu tak byl i z\u00e1vod d\u011bt\u00ed, jeho\u017e patronkou byla moder\u00e1torka \u010cesk\u00e9 televize, Barbora \u010cerno\u0161kov\u00e1. Do z\u00e1vodu bylo p\u0159ihl\u00e1\u0161eno p\u0159es 800 b\u011b\u017ec\u016f a [&hellip;]<\/p>\n","protected":false},"author":3,"featured_media":0,"comment_status":"open","ping_status":"open","sticky":false,"template":"","format":"standard","meta":{"footnotes":""},"categories":[1],"tags":[],"class_list":["post-206","post","type-post","status-publish","format-standard","hentry","category-uncategorized"],"_links":{"self":[{"href":"https:\/\/sancepro.cz\/index.php\/wp-json\/wp\/v2\/posts\/206","targetHints":{"allow":["GET"]}}],"collection":[{"href":"https:\/\/sancepro.cz\/index.php\/wp-json\/wp\/v2\/posts"}],"about":[{"href":"https:\/\/sancepro.cz\/index.php\/wp-json\/wp\/v2\/types\/post"}],"author":[{"embeddable":true,"href":"https:\/\/sancepro.cz\/index.php\/wp-json\/wp\/v2\/users\/3"}],"replies":[{"embeddable":true,"href":"https:\/\/sancepro.cz\/index.php\/wp-json\/wp\/v2\/comments?post=206"}],"version-history":[{"count":2,"href":"https:\/\/sancepro.cz\/index.php\/wp-json\/wp\/v2\/posts\/206\/revisions"}],"predecessor-version":[{"id":460,"href":"https:\/\/sancepro.cz\/index.php\/wp-json\/wp\/v2\/posts\/206\/revisions\/460"}],"wp:attachment":[{"href":"https:\/\/sancepro.cz\/index.php\/wp-json\/wp\/v2\/media?parent=206"}],"wp:term":[{"taxonomy":"category","embeddable":true,"href":"https:\/\/sancepro.cz\/index.php\/wp-json\/wp\/v2\/categories?post=206"},{"taxonomy":"post_tag","embeddable":true,"href":"https:\/\/sancepro.cz\/index.php\/wp-json\/wp\/v2\/tags?post=206"}],"curies":[{"name":"wp","href":"https:\/\/api.w.org\/{rel}","templated":true}]}}