{"id":388,"date":"2017-09-17T14:43:10","date_gmt":"2017-09-17T14:43:10","guid":{"rendered":"https:\/\/sancepro.cz\/index.php\/2017\/09\/17\/karel-jiz-prvni-den-na-svobode\/"},"modified":"2023-10-30T20:04:01","modified_gmt":"2023-10-30T20:04:01","slug":"karel-jiz-prvni-den-na-svobode","status":"publish","type":"post","link":"https:\/\/sancepro.cz\/index.php\/2017\/09\/17\/karel-jiz-prvni-den-na-svobode\/","title":{"rendered":"Karel ji\u017e prvn\u00ed den na svobod\u011b&#8230;"},"content":{"rendered":"<p>Doprov\u00e1zeli jsme Karla prvn\u00ed den svobod\u011b. Pov\u00eddali jsme si o re\u017eimu dal\u0161\u00ed spolupr\u00e1ce a jak\u00e9 \u0161ance se pro n\u011bj u n\u00e1s nask\u00fdtaj\u00ed.<\/p>\n","protected":false},"excerpt":{"rendered":"<p>Doprov\u00e1zeli jsme Karla prvn\u00ed den svobod\u011b. Pov\u00eddali jsme si o re\u017eimu dal\u0161\u00ed spolupr\u00e1ce a jak\u00e9 \u0161ance se pro n\u011bj u n\u00e1s nask\u00fdtaj\u00ed.<\/p>\n","protected":false},"author":3,"featured_media":0,"comment_status":"closed","ping_status":"open","sticky":false,"template":"","format":"standard","meta":{"footnotes":""},"categories":[10],"tags":[],"class_list":["post-388","post","type-post","status-publish","format-standard","hentry","category-sance-p-r-o"],"_links":{"self":[{"href":"https:\/\/sancepro.cz\/index.php\/wp-json\/wp\/v2\/posts\/388","targetHints":{"allow":["GET"]}}],"collection":[{"href":"https:\/\/sancepro.cz\/index.php\/wp-json\/wp\/v2\/posts"}],"about":[{"href":"https:\/\/sancepro.cz\/index.php\/wp-json\/wp\/v2\/types\/post"}],"author":[{"embeddable":true,"href":"https:\/\/sancepro.cz\/index.php\/wp-json\/wp\/v2\/users\/3"}],"replies":[{"embeddable":true,"href":"https:\/\/sancepro.cz\/index.php\/wp-json\/wp\/v2\/comments?post=388"}],"version-history":[{"count":1,"href":"https:\/\/sancepro.cz\/index.php\/wp-json\/wp\/v2\/posts\/388\/revisions"}],"predecessor-version":[{"id":432,"href":"https:\/\/sancepro.cz\/index.php\/wp-json\/wp\/v2\/posts\/388\/revisions\/432"}],"wp:attachment":[{"href":"https:\/\/sancepro.cz\/index.php\/wp-json\/wp\/v2\/media?parent=388"}],"wp:term":[{"taxonomy":"category","embeddable":true,"href":"https:\/\/sancepro.cz\/index.php\/wp-json\/wp\/v2\/categories?post=388"},{"taxonomy":"post_tag","embeddable":true,"href":"https:\/\/sancepro.cz\/index.php\/wp-json\/wp\/v2\/tags?post=388"}],"curies":[{"name":"wp","href":"https:\/\/api.w.org\/{rel}","templated":true}]}}