{"id":400,"date":"2019-05-27T15:12:27","date_gmt":"2019-05-27T15:12:27","guid":{"rendered":"https:\/\/sancepro.cz\/index.php\/2019\/05\/27\/zlepsujeme-ceske-vezenstvi\/"},"modified":"2023-10-30T20:02:59","modified_gmt":"2023-10-30T20:02:59","slug":"zlepsujeme-ceske-vezenstvi","status":"publish","type":"post","link":"https:\/\/sancepro.cz\/index.php\/2019\/05\/27\/zlepsujeme-ceske-vezenstvi\/","title":{"rendered":"ZLEP\u0160UJEME \u010cESK\u00c9 V\u011aZE\u0147STV\u00cd"},"content":{"rendered":"<p>Jsme sou\u010d\u00e1st\u00ed nov\u011b vznikaj\u00edc\u00ed asociaci, kter\u00e1 bude zam\u011b\u0159ena na oblast v\u011bze\u0148stv\u00ed a n\u00e1sledn\u00e9 p\u00e9\u010de. V souladu s pl\u00e1nov\u00e1n\u00edm aktivit jsme se z\u00fa\u010dastnili dvoudenn\u00edho strategick\u00e9ho pl\u00e1nov\u00e1n\u00ed, na kter\u00e9m jsme definovaly hlavn\u00ed c\u00edle a posl\u00e1n\u00ed nov\u011b vznikaj\u00edc\u00ed asociace. Na\u0161\u00edm spole\u010dn\u00fdm c\u00edlem je propojovat r\u016fzn\u00e9 akt\u00e9ry v trestn\u00ed justici a spole\u010dn\u011b tak p\u0159isp\u011bt k syst\u00e9mov\u00fdm  zm\u011bn\u00e1m v oblasti v\u011bze\u0148stv\u00ed a trestn\u00ed justice. A co jsou na\u0161e hlavn\u00ed priority? Zlep\u0161en\u00ed p\u0159\u00edpravy lid\u00ed ve v\u00fdkonu trestu na propu\u0161t\u011bn\u00ed a tak\u00e9 vytvo\u0159en\u00ed podpory po propu\u0161t\u011bn\u00ed.<br \/>\nMezi dal\u0161\u00ed organizace pat\u0159\u00ed: RUBIKON Centrum, Mezin\u00e1rodn\u00ed v\u011bze\u0148sk\u00e9 spole\u010denstv\u00ed, Nov\u00e1 \u0161ance, Lighthouse, Romodrom, Volont\u00e9 Czech, \u0160ance P.R.O., \u010cesk\u00fd helsinsk\u00fd v\u00fdbor, V\u011bze\u0148sk\u00e1 duchovensk\u00e1 p\u00e9\u010de a DP Work.<\/p>\n","protected":false},"excerpt":{"rendered":"<p>Jsme sou\u010d\u00e1st\u00ed nov\u011b vznikaj\u00edc\u00ed asociaci, kter\u00e1 bude zam\u011b\u0159ena na oblast v\u011bze\u0148stv\u00ed a n\u00e1sledn\u00e9 p\u00e9\u010de. V souladu s pl\u00e1nov\u00e1n\u00edm aktivit jsme se z\u00fa\u010dastnili dvoudenn\u00edho strategick\u00e9ho pl\u00e1nov\u00e1n\u00ed, na kter\u00e9m jsme definovaly hlavn\u00ed c\u00edle a posl\u00e1n\u00ed nov\u011b vznikaj\u00edc\u00ed asociace. Na\u0161\u00edm spole\u010dn\u00fdm c\u00edlem je propojovat r\u016fzn\u00e9 akt\u00e9ry v trestn\u00ed justici a spole\u010dn\u011b tak p\u0159isp\u011bt k syst\u00e9mov\u00fdm zm\u011bn\u00e1m v oblasti [&hellip;]<\/p>\n","protected":false},"author":3,"featured_media":0,"comment_status":"closed","ping_status":"open","sticky":false,"template":"","format":"standard","meta":{"footnotes":""},"categories":[1],"tags":[],"class_list":["post-400","post","type-post","status-publish","format-standard","hentry","category-uncategorized"],"_links":{"self":[{"href":"https:\/\/sancepro.cz\/index.php\/wp-json\/wp\/v2\/posts\/400","targetHints":{"allow":["GET"]}}],"collection":[{"href":"https:\/\/sancepro.cz\/index.php\/wp-json\/wp\/v2\/posts"}],"about":[{"href":"https:\/\/sancepro.cz\/index.php\/wp-json\/wp\/v2\/types\/post"}],"author":[{"embeddable":true,"href":"https:\/\/sancepro.cz\/index.php\/wp-json\/wp\/v2\/users\/3"}],"replies":[{"embeddable":true,"href":"https:\/\/sancepro.cz\/index.php\/wp-json\/wp\/v2\/comments?post=400"}],"version-history":[{"count":1,"href":"https:\/\/sancepro.cz\/index.php\/wp-json\/wp\/v2\/posts\/400\/revisions"}],"predecessor-version":[{"id":437,"href":"https:\/\/sancepro.cz\/index.php\/wp-json\/wp\/v2\/posts\/400\/revisions\/437"}],"wp:attachment":[{"href":"https:\/\/sancepro.cz\/index.php\/wp-json\/wp\/v2\/media?parent=400"}],"wp:term":[{"taxonomy":"category","embeddable":true,"href":"https:\/\/sancepro.cz\/index.php\/wp-json\/wp\/v2\/categories?post=400"},{"taxonomy":"post_tag","embeddable":true,"href":"https:\/\/sancepro.cz\/index.php\/wp-json\/wp\/v2\/tags?post=400"}],"curies":[{"name":"wp","href":"https:\/\/api.w.org\/{rel}","templated":true}]}}