{"id":425,"date":"2021-07-02T07:27:36","date_gmt":"2021-07-02T07:27:36","guid":{"rendered":"https:\/\/sancepro.cz\/index.php\/2021\/07\/02\/sance-p-r-o-je-clenem-opop\/"},"modified":"2023-10-30T20:02:24","modified_gmt":"2023-10-30T20:02:24","slug":"sance-p-r-o-je-clenem-opop","status":"publish","type":"post","link":"https:\/\/sancepro.cz\/index.php\/2021\/07\/02\/sance-p-r-o-je-clenem-opop\/","title":{"rendered":"\u0160ance P.R.O. je \u010dlenem OPOP"},"content":{"rendered":"\n<p>Platforma organizac\u00ed pom\u00e1haj\u00edc\u00edch odsouzen\u00fdm a propu\u0161t\u011bn\u00ed vznikla jako p\u0159irozen\u00e1 reakce na pot\u0159ebu neziskov\u00fdch organizac\u00ed, kter\u00e9 se cht\u011bly p\u0159i sv\u00e9 pr\u00e1ci nejen v \u010desk\u00fdch v\u011bznic\u00edch v\u00edce potk\u00e1vat. \u010cty\u0159i zakl\u00e1daj\u00edc\u00ed organizace, tedy spole\u010dnost DP work, spolek Lighthouse, organizace \u0160ance P.R.O. a obecn\u011b prosp\u011b\u0161n\u00e1 spole\u010dnost Volont\u00e9 Czech se rozhodly prost\u0159ednictv\u00edm neform\u00e1ln\u00ed platformy vydat sm\u011brem, kdy vz\u00e1jemn\u00e1 spolupr\u00e1ce, v\u00fdm\u011bna zku\u0161enost\u00ed a sd\u00edlen\u00ed dat nastoluj\u00ed nov\u00fd trend v r\u00e1mci pr\u00e1ce nest\u00e1tn\u00edho sektoru v oblasti penitenci\u00e1rn\u00ed a postpenitenci\u00e1rn\u00ed p\u00e9\u010de. Na\u0161e platforma je jako\u017eto neform\u00e1ln\u00ed subjekt otev\u0159en\u00e1 v\u0161em, pro kter\u00e9 nen\u00ed pomoc druh\u00fdm jen pr\u00e1zdnou fr\u00e1z\u00ed. Jako sv\u00e9 moto jsme si zvolili my\u0161lenku:\u00a0<strong><em>Nechceme o pomoci druh\u00fdm jen mluvit, chceme ji tvo\u0159it a \u017e\u00edt.<br><br><\/em><\/strong>Platforma zorganizovala prvn\u00ed odbornou konferenci, kter\u00e1 se konala <strong>29. \u010dervna 2021 od 9 do 12 hodin <\/strong>v <strong>konferen\u010dn\u00edm s\u00e1le hotelu Alwyn v Praze. <\/strong>Sou\u010d\u00e1st\u00ed programu<strong> <\/strong>byla prezentace Anal\u00fdzy podan\u00fdch insolven\u010dn\u00edch n\u00e1vrh\u016f u osob ve VTOS a po propu\u0161t\u011bn\u00ed, \u017eiv\u011b z v\u011bznice Sv\u011btl\u00e1 nad S\u00e1zavou a s\u00e9rie odborn\u00fdch vystoupen\u00ed se z\u00e1v\u011bre\u010dnou diskuz\u00ed.<\/p>\n\n\n\n<p>Z\u00fa\u010dastnili se soudci vrchn\u00edch a krajsk\u00fdch soud\u016f, insolven\u010dn\u00ed spr\u00e1vci, poslanci, z\u00e1stupci v\u011bznic a <a href=\"https:\/\/www.facebook.com\/vezenskasluzbacz\/?__cft__[0]=AZXerJsNeFaDHPc6QIKlmJibbZ-_no4zouDH1A1g2yKtKo1yOOt3ETpvVHbEsRJnYznc3763rJ7G886I2Mb6bDSnLLX49XgWjVCeWLv9yINvt9A2daeuuZTlKJKAUmbttcoHrOtDsIdaV44Yz8ShdDd-&amp;__tn__=kK-R\">V\u011bze\u0148sk\u00e1 Slu\u017eba \u010cR<\/a>, ekonomov\u00e9, metodici, soci\u00e1ln\u00ed kur\u00e1to\u0159i, odborn\u00ed pracovn\u00edci v\u011bznic, a tak\u00e9 p\u0159edstavitel\u00e9 <a href=\"https:\/\/www.facebook.com\/ministerstvospravedlnosti\/?__cft__[0]=AZXerJsNeFaDHPc6QIKlmJibbZ-_no4zouDH1A1g2yKtKo1yOOt3ETpvVHbEsRJnYznc3763rJ7G886I2Mb6bDSnLLX49XgWjVCeWLv9yINvt9A2daeuuZTlKJKAUmbttcoHrOtDsIdaV44Yz8ShdDd-&amp;__tn__=kK-R\">Ministerstvo spravedlnosti \u010cesk\u00e9 republiky<\/a>, <a href=\"https:\/\/www.facebook.com\/mpsvcz\/?__cft__[0]=AZXerJsNeFaDHPc6QIKlmJibbZ-_no4zouDH1A1g2yKtKo1yOOt3ETpvVHbEsRJnYznc3763rJ7G886I2Mb6bDSnLLX49XgWjVCeWLv9yINvt9A2daeuuZTlKJKAUmbttcoHrOtDsIdaV44Yz8ShdDd-&amp;__tn__=kK-R\">Ministerstvo pr\u00e1ce a soci\u00e1ln\u00edch v\u011bc\u00ed<\/a>, <a href=\"https:\/\/www.facebook.com\/probacka\/?__cft__[0]=AZXerJsNeFaDHPc6QIKlmJibbZ-_no4zouDH1A1g2yKtKo1yOOt3ETpvVHbEsRJnYznc3763rJ7G886I2Mb6bDSnLLX49XgWjVCeWLv9yINvt9A2daeuuZTlKJKAUmbttcoHrOtDsIdaV44Yz8ShdDd-&amp;__tn__=kK-R\">Proba\u010dn\u00ed a media\u010dn\u00ed slu\u017eba<\/a>, IKSP, advok\u00e1ti, neziskov\u00e9 organizace a samoz\u0159ejm\u011b my, organizace sdru\u017een\u00e9 v platform\u011b OPOP. <\/p>\n\n\n\n<figure class=\"wp-block-image\"><img decoding=\"async\" src=\"https:\/\/sancepro.cz\/wp-content\/uploads\/2021\/07\/P1003038.jpg\" alt=\"\" class=\"wp-image-297\"\/><\/figure>\n\n\n\n<figure class=\"wp-block-image\"><img decoding=\"async\" src=\"https:\/\/sancepro.cz\/wp-content\/uploads\/2021\/07\/P1003124.jpg\" alt=\"\" class=\"wp-image-295\"\/><\/figure>\n\n\n\n<figure class=\"wp-block-image\"><img decoding=\"async\" src=\"https:\/\/sancepro.cz\/wp-content\/uploads\/2021\/07\/P1003105.jpg\" alt=\"\" class=\"wp-image-296\"\/><\/figure>\n\n\n\n<figure class=\"wp-block-image\"><img decoding=\"async\" src=\"https:\/\/sancepro.cz\/wp-content\/uploads\/2021\/07\/P1002913.jpg\" alt=\"\" class=\"wp-image-294\"\/><\/figure>\n","protected":false},"excerpt":{"rendered":"<p>Platforma organizac\u00ed pom\u00e1haj\u00edc\u00edch odsouzen\u00fdm a propu\u0161t\u011bn\u00ed vznikla jako p\u0159irozen\u00e1 reakce na pot\u0159ebu neziskov\u00fdch organizac\u00ed, kter\u00e9 se cht\u011bly p\u0159i sv\u00e9 pr\u00e1ci nejen v \u010desk\u00fdch v\u011bznic\u00edch v\u00edce potk\u00e1vat. \u010cty\u0159i zakl\u00e1daj\u00edc\u00ed organizace, tedy spole\u010dnost DP work, spolek Lighthouse, organizace \u0160ance P.R.O. a obecn\u011b prosp\u011b\u0161n\u00e1 spole\u010dnost Volont\u00e9 Czech se rozhodly prost\u0159ednictv\u00edm neform\u00e1ln\u00ed platformy vydat sm\u011brem, kdy vz\u00e1jemn\u00e1 spolupr\u00e1ce, v\u00fdm\u011bna [&hellip;]<\/p>\n","protected":false},"author":3,"featured_media":0,"comment_status":"closed","ping_status":"open","sticky":false,"template":"","format":"standard","meta":{"footnotes":""},"categories":[1],"tags":[],"class_list":["post-425","post","type-post","status-publish","format-standard","hentry","category-uncategorized"],"_links":{"self":[{"href":"https:\/\/sancepro.cz\/index.php\/wp-json\/wp\/v2\/posts\/425","targetHints":{"allow":["GET"]}}],"collection":[{"href":"https:\/\/sancepro.cz\/index.php\/wp-json\/wp\/v2\/posts"}],"about":[{"href":"https:\/\/sancepro.cz\/index.php\/wp-json\/wp\/v2\/types\/post"}],"author":[{"embeddable":true,"href":"https:\/\/sancepro.cz\/index.php\/wp-json\/wp\/v2\/users\/3"}],"replies":[{"embeddable":true,"href":"https:\/\/sancepro.cz\/index.php\/wp-json\/wp\/v2\/comments?post=425"}],"version-history":[{"count":1,"href":"https:\/\/sancepro.cz\/index.php\/wp-json\/wp\/v2\/posts\/425\/revisions"}],"predecessor-version":[{"id":446,"href":"https:\/\/sancepro.cz\/index.php\/wp-json\/wp\/v2\/posts\/425\/revisions\/446"}],"wp:attachment":[{"href":"https:\/\/sancepro.cz\/index.php\/wp-json\/wp\/v2\/media?parent=425"}],"wp:term":[{"taxonomy":"category","embeddable":true,"href":"https:\/\/sancepro.cz\/index.php\/wp-json\/wp\/v2\/categories?post=425"},{"taxonomy":"post_tag","embeddable":true,"href":"https:\/\/sancepro.cz\/index.php\/wp-json\/wp\/v2\/tags?post=425"}],"curies":[{"name":"wp","href":"https:\/\/api.w.org\/{rel}","templated":true}]}}