{"id":450,"date":"2023-02-23T21:15:32","date_gmt":"2023-02-23T21:15:32","guid":{"rendered":"https:\/\/sancepro.cz\/index.php\/2023\/02\/23\/sance-pro-partnerem-behu-yellow-ribbon-run-yrr\/"},"modified":"2023-10-30T20:01:38","modified_gmt":"2023-10-30T20:01:38","slug":"sance-pro-partnerem-behu-yellow-ribbon-run-yrr","status":"publish","type":"post","link":"https:\/\/sancepro.cz\/index.php\/2023\/02\/23\/sance-pro-partnerem-behu-yellow-ribbon-run-yrr\/","title":{"rendered":"\u0160ANCE PRO partnerem b\u011bhu Yellow Ribbon Run (YRR)"},"content":{"rendered":"\n<p>Z\u00fa\u010dastnili jsme se registrace a tr\u00e9ninku k 6.ro\u010dn\u00edku b\u011bhu se \u017elutou stu\u017ekou. Osv\u011btov\u00fd b\u011bh Yellow Ribbon Run (YRR) na podporu integrace lid\u00ed po v\u00fdkonu trestu je napl\u00e1nov\u00e1n na 7. z\u00e1\u0159\u00ed 2021. Od \u00fater\u00fd 15. 6. se mohli b\u011b\u017eci registrovat. P\u0159ihl\u00e1\u0161en\u00edm do B\u011bhu se \u017elutou stu\u017ekou tak p\u0159isp\u011bj\u00ed tak\u00e9 na registraci b\u011b\u017ec\u016f s trestn\u00ed minulost\u00ed. Z\u00e1stupci \u0160ANCE PRO zde nemohli chyb\u011bt a jak je tomu ji\u017e tradic\u00ed podpo\u0159it tuto iniciativu a pry\u010d s p\u0159edsudky. N\u00ed\u017ee m\u016f\u017eete shl\u00e9dnout fotografie z registrac\u00ed na\u0161ich b\u011b\u017ec\u016f.<\/p>\n\n\n\n<figure class=\"wp-block-image\"><img decoding=\"async\" src=\"https:\/\/sancepro.cz\/wp-content\/uploads\/2021\/07\/PHOTO-2021-06-27-23-16-07.jpg\" alt=\"\" class=\"wp-image-306\"\/><\/figure>\n\n\n\n<figure class=\"wp-block-image\"><img decoding=\"async\" src=\"https:\/\/sancepro.cz\/wp-content\/uploads\/2021\/07\/PHOTO-2021-06-27-23-16-07-1-1.jpg\" alt=\"\" class=\"wp-image-305\"\/><\/figure>\n\n\n\n<figure class=\"wp-block-image\"><img decoding=\"async\" src=\"https:\/\/sancepro.cz\/wp-content\/uploads\/2021\/07\/PHOTO-2021-06-27-23-16-08.jpg\" alt=\"\" class=\"wp-image-307\"\/><\/figure>\n","protected":false},"excerpt":{"rendered":"<p>Z\u00fa\u010dastnili jsme se registrace a tr\u00e9ninku k 6.ro\u010dn\u00edku b\u011bhu se \u017elutou stu\u017ekou. Osv\u011btov\u00fd b\u011bh Yellow Ribbon Run (YRR) na podporu integrace lid\u00ed po v\u00fdkonu trestu je napl\u00e1nov\u00e1n na 7. z\u00e1\u0159\u00ed 2021. Od \u00fater\u00fd 15. 6. se mohli b\u011b\u017eci registrovat. P\u0159ihl\u00e1\u0161en\u00edm do B\u011bhu se \u017elutou stu\u017ekou tak p\u0159isp\u011bj\u00ed tak\u00e9 na registraci b\u011b\u017ec\u016f s trestn\u00ed minulost\u00ed. Z\u00e1stupci [&hellip;]<\/p>\n","protected":false},"author":3,"featured_media":0,"comment_status":"open","ping_status":"open","sticky":false,"template":"","format":"standard","meta":{"footnotes":""},"categories":[1],"tags":[],"class_list":["post-450","post","type-post","status-publish","format-standard","hentry","category-uncategorized"],"_links":{"self":[{"href":"https:\/\/sancepro.cz\/index.php\/wp-json\/wp\/v2\/posts\/450","targetHints":{"allow":["GET"]}}],"collection":[{"href":"https:\/\/sancepro.cz\/index.php\/wp-json\/wp\/v2\/posts"}],"about":[{"href":"https:\/\/sancepro.cz\/index.php\/wp-json\/wp\/v2\/types\/post"}],"author":[{"embeddable":true,"href":"https:\/\/sancepro.cz\/index.php\/wp-json\/wp\/v2\/users\/3"}],"replies":[{"embeddable":true,"href":"https:\/\/sancepro.cz\/index.php\/wp-json\/wp\/v2\/comments?post=450"}],"version-history":[{"count":1,"href":"https:\/\/sancepro.cz\/index.php\/wp-json\/wp\/v2\/posts\/450\/revisions"}],"predecessor-version":[{"id":744,"href":"https:\/\/sancepro.cz\/index.php\/wp-json\/wp\/v2\/posts\/450\/revisions\/744"}],"wp:attachment":[{"href":"https:\/\/sancepro.cz\/index.php\/wp-json\/wp\/v2\/media?parent=450"}],"wp:term":[{"taxonomy":"category","embeddable":true,"href":"https:\/\/sancepro.cz\/index.php\/wp-json\/wp\/v2\/categories?post=450"},{"taxonomy":"post_tag","embeddable":true,"href":"https:\/\/sancepro.cz\/index.php\/wp-json\/wp\/v2\/tags?post=450"}],"curies":[{"name":"wp","href":"https:\/\/api.w.org\/{rel}","templated":true}]}}