{"id":900,"date":"2025-06-17T18:17:00","date_gmt":"2025-06-17T18:17:00","guid":{"rendered":"https:\/\/sancepro.cz\/?p=900"},"modified":"2025-07-04T06:18:41","modified_gmt":"2025-07-04T06:18:41","slug":"bezime-pro-druhou-sanci-a-giga-na-yellow-ribbon-run-2025","status":"publish","type":"post","link":"https:\/\/sancepro.cz\/index.php\/2025\/06\/17\/bezime-pro-druhou-sanci-a-giga-na-yellow-ribbon-run-2025\/","title":{"rendered":"B\u011b\u017e\u00edme pro druhou \u0161anci \u2013 A-GIGA na Yellow Ribbon Run 2025"},"content":{"rendered":"\n<p>Spole\u010dn\u011b s firmou <strong>A-GIGA<\/strong> jsme letos op\u011bt podpo\u0159ili <strong>Yellow Ribbon Czech<\/strong>, tentokr\u00e1t u\u017e <strong>10. ro\u010dn\u00edk<\/strong> tohoto v\u00fdjime\u010dn\u00e9ho z\u00e1vodu na podporu reintegrace lid\u00ed po v\u00fdkonu trestu.<\/p>\n\n\n\n<p>Pom\u00e1hali jsme s p\u0159\u00edpravou z\u00e1zem\u00ed, <strong>v podve\u010der st\u00e1li na startu<\/strong>  a <strong>ve\u010der se postarali o \u00faklid<\/strong>. Na trati jsme m\u011bli i vlastn\u00ed <strong>MUSIC POINT<\/strong>  \u2013 schv\u00e1ln\u011b, komu z v\u00e1s jsme zlep\u0161ili n\u00e1ladu a dodali energii?<\/p>\n\n\n\n<p>A kolik n\u00e1s bylo? <strong>Hodn\u011b!<\/strong> Spole\u010dn\u011b jsme dali dohromady jeden z <strong>nejpo\u010detn\u011bj\u0161\u00edch t\u00fdm\u016f leto\u0161n\u00edho ro\u010dn\u00edku<\/strong> \u2013 b\u011b\u017eelo n\u00e1s <strong>59 dosp\u011bl\u00fdch a 12 d\u011bt\u00ed<\/strong>. <\/p>\n\n\n\n<p>D\u011bkujeme v\u0161em na\u0161im koleg\u016fm, kte\u0159\u00ed se ochotn\u011b zapojili. Tohle je p\u0159esn\u011b ten typ spolupr\u00e1ce, kter\u00e1 d\u00e1v\u00e1 smysl.<\/p>\n\n\n\n<p><strong>T\u011b\u0161\u00edme se na dal\u0161\u00ed ro\u010dn\u00edk!<\/strong><\/p>\n\n\n\n<figure class=\"wp-block-image size-large\"><img fetchpriority=\"high\" decoding=\"async\" width=\"1024\" height=\"768\" src=\"https:\/\/sancepro.cz\/wp-content\/uploads\/2025\/06\/WhatsApp-Image-2025-06-16-at-15.41.38-1024x768.jpeg\" alt=\"\" class=\"wp-image-903\" srcset=\"https:\/\/sancepro.cz\/wp-content\/uploads\/2025\/06\/WhatsApp-Image-2025-06-16-at-15.41.38-1024x768.jpeg 1024w, https:\/\/sancepro.cz\/wp-content\/uploads\/2025\/06\/WhatsApp-Image-2025-06-16-at-15.41.38-300x225.jpeg 300w, https:\/\/sancepro.cz\/wp-content\/uploads\/2025\/06\/WhatsApp-Image-2025-06-16-at-15.41.38-768x576.jpeg 768w, https:\/\/sancepro.cz\/wp-content\/uploads\/2025\/06\/WhatsApp-Image-2025-06-16-at-15.41.38-1536x1152.jpeg 1536w, https:\/\/sancepro.cz\/wp-content\/uploads\/2025\/06\/WhatsApp-Image-2025-06-16-at-15.41.38.jpeg 1600w\" sizes=\"(max-width: 1024px) 100vw, 1024px\" \/><\/figure>\n","protected":false},"excerpt":{"rendered":"<p>Spole\u010dn\u011b s firmou A-GIGA jsme letos op\u011bt podpo\u0159ili Yellow Ribbon Czech, tentokr\u00e1t u\u017e 10. ro\u010dn\u00edk tohoto v\u00fdjime\u010dn\u00e9ho z\u00e1vodu na podporu reintegrace lid\u00ed po v\u00fdkonu trestu. Pom\u00e1hali jsme s p\u0159\u00edpravou z\u00e1zem\u00ed, v podve\u010der st\u00e1li na startu a ve\u010der se postarali o \u00faklid. Na trati jsme m\u011bli i vlastn\u00ed MUSIC POINT \u2013 schv\u00e1ln\u011b, komu z v\u00e1s jsme [&hellip;]<\/p>\n","protected":false},"author":3,"featured_media":901,"comment_status":"open","ping_status":"open","sticky":false,"template":"","format":"standard","meta":{"footnotes":""},"categories":[1],"tags":[],"class_list":["post-900","post","type-post","status-publish","format-standard","has-post-thumbnail","hentry","category-uncategorized"],"_links":{"self":[{"href":"https:\/\/sancepro.cz\/index.php\/wp-json\/wp\/v2\/posts\/900","targetHints":{"allow":["GET"]}}],"collection":[{"href":"https:\/\/sancepro.cz\/index.php\/wp-json\/wp\/v2\/posts"}],"about":[{"href":"https:\/\/sancepro.cz\/index.php\/wp-json\/wp\/v2\/types\/post"}],"author":[{"embeddable":true,"href":"https:\/\/sancepro.cz\/index.php\/wp-json\/wp\/v2\/users\/3"}],"replies":[{"embeddable":true,"href":"https:\/\/sancepro.cz\/index.php\/wp-json\/wp\/v2\/comments?post=900"}],"version-history":[{"count":2,"href":"https:\/\/sancepro.cz\/index.php\/wp-json\/wp\/v2\/posts\/900\/revisions"}],"predecessor-version":[{"id":904,"href":"https:\/\/sancepro.cz\/index.php\/wp-json\/wp\/v2\/posts\/900\/revisions\/904"}],"wp:featuredmedia":[{"embeddable":true,"href":"https:\/\/sancepro.cz\/index.php\/wp-json\/wp\/v2\/media\/901"}],"wp:attachment":[{"href":"https:\/\/sancepro.cz\/index.php\/wp-json\/wp\/v2\/media?parent=900"}],"wp:term":[{"taxonomy":"category","embeddable":true,"href":"https:\/\/sancepro.cz\/index.php\/wp-json\/wp\/v2\/categories?post=900"},{"taxonomy":"post_tag","embeddable":true,"href":"https:\/\/sancepro.cz\/index.php\/wp-json\/wp\/v2\/tags?post=900"}],"curies":[{"name":"wp","href":"https:\/\/api.w.org\/{rel}","templated":true}]}}